{"id":7822,"date":"2024-10-04T17:57:41","date_gmt":"2024-10-04T15:57:41","guid":{"rendered":"https:\/\/rotary.fi\/d1410\/?p=7822"},"modified":"2024-10-05T12:22:17","modified_gmt":"2024-10-05T10:22:17","slug":"fran-finland-till-malmo-med-buss","status":"publish","type":"post","link":"https:\/\/rotary.fi\/d1410\/sv\/blog\/fran-finland-till-malmo-med-buss\/","title":{"rendered":"Fr\u00e5n Finland till Malm\u00f6 med buss"},"content":{"rendered":"<p>Varf\u00f6r ska man alltid flyga om man ocks\u00e5 kan resa med buss?<\/p>\n<p>En grupp p\u00e5 20 rotarianer fr\u00e5n Finland anl\u00e4nde till <strong>Malm\u00f6 Action Summit<\/strong> med buss &#8211; f\u00f6rst med b\u00e5t \u00f6ver natten fr\u00e5n \u00c5bo till Stockholm och d\u00e4rifr\u00e5n en smidig fyrfilig E4-v\u00e4g 600 kilometer till Malm\u00f6.<\/p>\n<p>Id\u00e9n till gruppresan f\u00f6ddes inom distrikt 1410 som ocks\u00e5 stod f\u00f6r arrangemangen. Resan\u00a0 samlade s\u00e5 sm\u00e5ningom deltagare fr\u00e5n n\u00e4stan alla distrikt i Finland.<\/p>\n<p>Milj\u00f6medvetna rotarianer var vid evenemanget s\u00e4rskilt n\u00f6jda med s\u00e4ttet de reste med. Man m\u00e5ste ju leva som l\u00e4r.<\/p>\n<p>Alla resen\u00e4rer fick ocks\u00e5 m\u00e5nga nya goda v\u00e4nner under bussresan. Egna personliga rotaryber\u00e4tteler, sk\u00e4mt, vitsar och s\u00e5ng skapade en fin st\u00e4mning under hela resan. Det var n\u00e4tverkande n\u00e4r den \u00e4r som b\u00e4st.<\/p>\n<h5>St\u00e4mningen p\u00e5 resan hem<\/h5>\n<p>Returresan anv\u00e4ndes f\u00f6r att dela med sig av alla nya id\u00e9er fr\u00e5n evenemanget.<\/p>\n<p>De inspirerande dagarna i Malm\u00f6 skapade nya id\u00e9er f\u00f6r bland annat etablering av satellitklubbar riktade till ukrainare och andra invandrare och en ny e-klubb best\u00e5ende av tidigare ungdomsutbytesstudenter.<\/p>\n<p>En resen\u00e4r hade lyckats hitta samarbetspartners till projektet med distriktsbidrag, en annan blev mycket inspirerad av Shelter Box.<\/p>\n<p>M\u00e5nga ans\u00e5g att \u00e4r det h\u00f6g tid att dra ig\u00e5ng Finlands f\u00f6rsta Global Grant projekt med milj\u00f6 som tema. Vi skall alltid komma ih\u00e5g att dessa historiska \u00f6ppningsord yttrades p\u00e5 bussen p\u00e5 v\u00e4g fr\u00e5n Malm\u00f6 till Finland.<\/p>\n<p><a href=\"https:\/\/rotary.fi\/d1410\/wp-content\/uploads\/sites\/215\/2024\/10\/VID-20241005-WA0000.mp4\"><strong>Visa videon fr\u00e5n hemresan<\/strong><\/a><\/p>\n<p><em>-Johanna Talikainen,<\/em><br \/>\n<em>Forssa Rotaryklubi<\/em><\/p>\n","protected":false},"excerpt":{"rendered":"<p>Varf\u00f6r ska man alltid flyga om man ocks\u00e5 kan resa med buss? En grupp p\u00e5 20 rotarianer fr\u00e5n Finland anl\u00e4nde till Malm\u00f6 Action Summit med buss &#8211; f\u00f6rst med b\u00e5t \u00f6ver natten fr\u00e5n \u00c5bo till Stockholm och d\u00e4rifr\u00e5n en smidig fyrfilig E4-v\u00e4g 600 kilometer till Malm\u00f6. Id\u00e9n till gruppresan f\u00f6ddes inom distrikt 1410 som ocks\u00e5 [&hellip;]<\/p>\n","protected":false},"author":11,"featured_media":7780,"comment_status":"closed","ping_status":"open","sticky":false,"template":"","format":"standard","meta":{"_acf_changed":false,"_et_pb_use_builder":"","_et_pb_old_content":"","_et_gb_content_width":"","footnotes":""},"categories":[350],"tags":[],"class_list":["post-7822","post","type-post","status-publish","format-standard","has-post-thumbnail","hentry","category-livet-med-rotary"],"acf":[],"yoast_head":"<!-- This site is optimized with the Yoast SEO plugin v27.4 - https:\/\/yoast.com\/product\/yoast-seo-wordpress\/ -->\n<title>Fr\u00e5n Finland till Malm\u00f6 med buss - Piiri 1410<\/title>\n<meta name=\"robots\" content=\"index, follow, max-snippet:-1, max-image-preview:large, max-video-preview:-1\" \/>\n<link rel=\"canonical\" href=\"https:\/\/rotary.fi\/d1410\/sv\/blog\/fran-finland-till-malmo-med-buss\/\" \/>\n<meta property=\"og:locale\" content=\"fi_FI\" \/>\n<meta property=\"og:type\" content=\"article\" \/>\n<meta property=\"og:title\" content=\"Fr\u00e5n Finland till Malm\u00f6 med buss - Piiri 1410\" \/>\n<meta property=\"og:description\" content=\"Varf\u00f6r ska man alltid flyga om man ocks\u00e5 kan resa med buss? En grupp p\u00e5 20 rotarianer fr\u00e5n Finland anl\u00e4nde till Malm\u00f6 Action Summit med buss &#8211; f\u00f6rst med b\u00e5t \u00f6ver natten fr\u00e5n \u00c5bo till Stockholm och d\u00e4rifr\u00e5n en smidig fyrfilig E4-v\u00e4g 600 kilometer till Malm\u00f6. Id\u00e9n till gruppresan f\u00f6ddes inom distrikt 1410 som ocks\u00e5 [&hellip;]\" \/>\n<meta property=\"og:url\" content=\"https:\/\/rotary.fi\/d1410\/sv\/blog\/fran-finland-till-malmo-med-buss\/\" \/>\n<meta property=\"og:site_name\" content=\"Piiri 1410\" \/>\n<meta property=\"article:publisher\" content=\"https:\/\/www.facebook.com\/rotary\/\" \/>\n<meta property=\"article:published_time\" content=\"2024-10-04T15:57:41+00:00\" \/>\n<meta property=\"article:modified_time\" content=\"2024-10-05T10:22:17+00:00\" \/>\n<meta property=\"og:image\" content=\"https:\/\/rotary.fi\/d1410\/wp-content\/uploads\/sites\/215\/2024\/10\/460895283-18286646272232472-2391700711386925610-n.jpg\" \/>\n\t<meta property=\"og:image:width\" content=\"526\" \/>\n\t<meta property=\"og:image:height\" content=\"526\" \/>\n\t<meta property=\"og:image:type\" content=\"image\/jpeg\" \/>\n<meta name=\"author\" content=\"Leena-Maija P\u00e4rssinen\" \/>\n<meta name=\"twitter:card\" content=\"summary_large_image\" \/>\n<meta name=\"twitter:label1\" content=\"Kirjoittanut\" \/>\n\t<meta name=\"twitter:data1\" content=\"Leena-Maija P\u00e4rssinen\" \/>\n\t<meta name=\"twitter:label2\" content=\"Arvioitu lukuaika\" \/>\n\t<meta name=\"twitter:data2\" content=\"2 minuuttia\" \/>\n<script type=\"application\/ld+json\" class=\"yoast-schema-graph\">{\"@context\":\"https:\\\/\\\/schema.org\",\"@graph\":[{\"@type\":\"Article\",\"@id\":\"https:\\\/\\\/rotary.fi\\\/d1410\\\/sv\\\/blog\\\/fran-finland-till-malmo-med-buss\\\/#article\",\"isPartOf\":{\"@id\":\"https:\\\/\\\/rotary.fi\\\/d1410\\\/sv\\\/blog\\\/fran-finland-till-malmo-med-buss\\\/\"},\"author\":{\"name\":\"Leena-Maija P\u00e4rssinen\",\"@id\":\"https:\\\/\\\/rotary.fi\\\/d1410\\\/#\\\/schema\\\/person\\\/70d3f3c972e7331c89da9c8cb625fc45\"},\"headline\":\"Fr\u00e5n Finland till Malm\u00f6 med buss\",\"datePublished\":\"2024-10-04T15:57:41+00:00\",\"dateModified\":\"2024-10-05T10:22:17+00:00\",\"mainEntityOfPage\":{\"@id\":\"https:\\\/\\\/rotary.fi\\\/d1410\\\/sv\\\/blog\\\/fran-finland-till-malmo-med-buss\\\/\"},\"wordCount\":281,\"image\":{\"@id\":\"https:\\\/\\\/rotary.fi\\\/d1410\\\/sv\\\/blog\\\/fran-finland-till-malmo-med-buss\\\/#primaryimage\"},\"thumbnailUrl\":\"https:\\\/\\\/rotary.fi\\\/d1410\\\/wp-content\\\/uploads\\\/sites\\\/215\\\/2024\\\/10\\\/460895283-18286646272232472-2391700711386925610-n.jpg\",\"articleSection\":[\"Livet med rotary\"],\"inLanguage\":\"fi\"},{\"@type\":\"WebPage\",\"@id\":\"https:\\\/\\\/rotary.fi\\\/d1410\\\/sv\\\/blog\\\/fran-finland-till-malmo-med-buss\\\/\",\"url\":\"https:\\\/\\\/rotary.fi\\\/d1410\\\/sv\\\/blog\\\/fran-finland-till-malmo-med-buss\\\/\",\"name\":\"Fr\u00e5n Finland till Malm\u00f6 med buss - Piiri 1410\",\"isPartOf\":{\"@id\":\"https:\\\/\\\/rotary.fi\\\/d1410\\\/#website\"},\"primaryImageOfPage\":{\"@id\":\"https:\\\/\\\/rotary.fi\\\/d1410\\\/sv\\\/blog\\\/fran-finland-till-malmo-med-buss\\\/#primaryimage\"},\"image\":{\"@id\":\"https:\\\/\\\/rotary.fi\\\/d1410\\\/sv\\\/blog\\\/fran-finland-till-malmo-med-buss\\\/#primaryimage\"},\"thumbnailUrl\":\"https:\\\/\\\/rotary.fi\\\/d1410\\\/wp-content\\\/uploads\\\/sites\\\/215\\\/2024\\\/10\\\/460895283-18286646272232472-2391700711386925610-n.jpg\",\"datePublished\":\"2024-10-04T15:57:41+00:00\",\"dateModified\":\"2024-10-05T10:22:17+00:00\",\"author\":{\"@id\":\"https:\\\/\\\/rotary.fi\\\/d1410\\\/#\\\/schema\\\/person\\\/70d3f3c972e7331c89da9c8cb625fc45\"},\"breadcrumb\":{\"@id\":\"https:\\\/\\\/rotary.fi\\\/d1410\\\/sv\\\/blog\\\/fran-finland-till-malmo-med-buss\\\/#breadcrumb\"},\"inLanguage\":\"fi\",\"potentialAction\":[{\"@type\":\"ReadAction\",\"target\":[\"https:\\\/\\\/rotary.fi\\\/d1410\\\/sv\\\/blog\\\/fran-finland-till-malmo-med-buss\\\/\"]}]},{\"@type\":\"ImageObject\",\"inLanguage\":\"fi\",\"@id\":\"https:\\\/\\\/rotary.fi\\\/d1410\\\/sv\\\/blog\\\/fran-finland-till-malmo-med-buss\\\/#primaryimage\",\"url\":\"https:\\\/\\\/rotary.fi\\\/d1410\\\/wp-content\\\/uploads\\\/sites\\\/215\\\/2024\\\/10\\\/460895283-18286646272232472-2391700711386925610-n.jpg\",\"contentUrl\":\"https:\\\/\\\/rotary.fi\\\/d1410\\\/wp-content\\\/uploads\\\/sites\\\/215\\\/2024\\\/10\\\/460895283-18286646272232472-2391700711386925610-n.jpg\",\"width\":526,\"height\":526},{\"@type\":\"BreadcrumbList\",\"@id\":\"https:\\\/\\\/rotary.fi\\\/d1410\\\/sv\\\/blog\\\/fran-finland-till-malmo-med-buss\\\/#breadcrumb\",\"itemListElement\":[{\"@type\":\"ListItem\",\"position\":1,\"name\":\"Home\",\"item\":\"https:\\\/\\\/rotary.fi\\\/d1410\\\/\"},{\"@type\":\"ListItem\",\"position\":2,\"name\":\"Fr\u00e5n Finland till Malm\u00f6 med buss\"}]},{\"@type\":\"WebSite\",\"@id\":\"https:\\\/\\\/rotary.fi\\\/d1410\\\/#website\",\"url\":\"https:\\\/\\\/rotary.fi\\\/d1410\\\/\",\"name\":\"Piiri 1410\",\"description\":\"Suomen Rotary\",\"potentialAction\":[{\"@type\":\"SearchAction\",\"target\":{\"@type\":\"EntryPoint\",\"urlTemplate\":\"https:\\\/\\\/rotary.fi\\\/d1410\\\/?s={search_term_string}\"},\"query-input\":{\"@type\":\"PropertyValueSpecification\",\"valueRequired\":true,\"valueName\":\"search_term_string\"}}],\"inLanguage\":\"fi\"},{\"@type\":\"Person\",\"@id\":\"https:\\\/\\\/rotary.fi\\\/d1410\\\/#\\\/schema\\\/person\\\/70d3f3c972e7331c89da9c8cb625fc45\",\"name\":\"Leena-Maija P\u00e4rssinen\",\"image\":{\"@type\":\"ImageObject\",\"inLanguage\":\"fi\",\"@id\":\"https:\\\/\\\/secure.gravatar.com\\\/avatar\\\/eb209595d742b5300a943c5ee27fd739c8e56d71c2ff172e20a3dc569c7af2fc?s=96&d=mm&r=g\",\"url\":\"https:\\\/\\\/secure.gravatar.com\\\/avatar\\\/eb209595d742b5300a943c5ee27fd739c8e56d71c2ff172e20a3dc569c7af2fc?s=96&d=mm&r=g\",\"contentUrl\":\"https:\\\/\\\/secure.gravatar.com\\\/avatar\\\/eb209595d742b5300a943c5ee27fd739c8e56d71c2ff172e20a3dc569c7af2fc?s=96&d=mm&r=g\",\"caption\":\"Leena-Maija P\u00e4rssinen\"},\"url\":\"https:\\\/\\\/rotary.fi\\\/d1410\\\/blog\\\/author\\\/leenamaijaparssinen\\\/\"}]}<\/script>\n<!-- \/ Yoast SEO plugin. -->","yoast_head_json":{"title":"Fr\u00e5n Finland till Malm\u00f6 med buss - Piiri 1410","robots":{"index":"index","follow":"follow","max-snippet":"max-snippet:-1","max-image-preview":"max-image-preview:large","max-video-preview":"max-video-preview:-1"},"canonical":"https:\/\/rotary.fi\/d1410\/sv\/blog\/fran-finland-till-malmo-med-buss\/","og_locale":"fi_FI","og_type":"article","og_title":"Fr\u00e5n Finland till Malm\u00f6 med buss - Piiri 1410","og_description":"Varf\u00f6r ska man alltid flyga om man ocks\u00e5 kan resa med buss? En grupp p\u00e5 20 rotarianer fr\u00e5n Finland anl\u00e4nde till Malm\u00f6 Action Summit med buss &#8211; f\u00f6rst med b\u00e5t \u00f6ver natten fr\u00e5n \u00c5bo till Stockholm och d\u00e4rifr\u00e5n en smidig fyrfilig E4-v\u00e4g 600 kilometer till Malm\u00f6. Id\u00e9n till gruppresan f\u00f6ddes inom distrikt 1410 som ocks\u00e5 [&hellip;]","og_url":"https:\/\/rotary.fi\/d1410\/sv\/blog\/fran-finland-till-malmo-med-buss\/","og_site_name":"Piiri 1410","article_publisher":"https:\/\/www.facebook.com\/rotary\/","article_published_time":"2024-10-04T15:57:41+00:00","article_modified_time":"2024-10-05T10:22:17+00:00","og_image":[{"width":526,"height":526,"url":"https:\/\/rotary.fi\/d1410\/wp-content\/uploads\/sites\/215\/2024\/10\/460895283-18286646272232472-2391700711386925610-n.jpg","type":"image\/jpeg"}],"author":"Leena-Maija P\u00e4rssinen","twitter_card":"summary_large_image","twitter_misc":{"Kirjoittanut":"Leena-Maija P\u00e4rssinen","Arvioitu lukuaika":"2 minuuttia"},"schema":{"@context":"https:\/\/schema.org","@graph":[{"@type":"Article","@id":"https:\/\/rotary.fi\/d1410\/sv\/blog\/fran-finland-till-malmo-med-buss\/#article","isPartOf":{"@id":"https:\/\/rotary.fi\/d1410\/sv\/blog\/fran-finland-till-malmo-med-buss\/"},"author":{"name":"Leena-Maija P\u00e4rssinen","@id":"https:\/\/rotary.fi\/d1410\/#\/schema\/person\/70d3f3c972e7331c89da9c8cb625fc45"},"headline":"Fr\u00e5n Finland till Malm\u00f6 med buss","datePublished":"2024-10-04T15:57:41+00:00","dateModified":"2024-10-05T10:22:17+00:00","mainEntityOfPage":{"@id":"https:\/\/rotary.fi\/d1410\/sv\/blog\/fran-finland-till-malmo-med-buss\/"},"wordCount":281,"image":{"@id":"https:\/\/rotary.fi\/d1410\/sv\/blog\/fran-finland-till-malmo-med-buss\/#primaryimage"},"thumbnailUrl":"https:\/\/rotary.fi\/d1410\/wp-content\/uploads\/sites\/215\/2024\/10\/460895283-18286646272232472-2391700711386925610-n.jpg","articleSection":["Livet med rotary"],"inLanguage":"fi"},{"@type":"WebPage","@id":"https:\/\/rotary.fi\/d1410\/sv\/blog\/fran-finland-till-malmo-med-buss\/","url":"https:\/\/rotary.fi\/d1410\/sv\/blog\/fran-finland-till-malmo-med-buss\/","name":"Fr\u00e5n Finland till Malm\u00f6 med buss - Piiri 1410","isPartOf":{"@id":"https:\/\/rotary.fi\/d1410\/#website"},"primaryImageOfPage":{"@id":"https:\/\/rotary.fi\/d1410\/sv\/blog\/fran-finland-till-malmo-med-buss\/#primaryimage"},"image":{"@id":"https:\/\/rotary.fi\/d1410\/sv\/blog\/fran-finland-till-malmo-med-buss\/#primaryimage"},"thumbnailUrl":"https:\/\/rotary.fi\/d1410\/wp-content\/uploads\/sites\/215\/2024\/10\/460895283-18286646272232472-2391700711386925610-n.jpg","datePublished":"2024-10-04T15:57:41+00:00","dateModified":"2024-10-05T10:22:17+00:00","author":{"@id":"https:\/\/rotary.fi\/d1410\/#\/schema\/person\/70d3f3c972e7331c89da9c8cb625fc45"},"breadcrumb":{"@id":"https:\/\/rotary.fi\/d1410\/sv\/blog\/fran-finland-till-malmo-med-buss\/#breadcrumb"},"inLanguage":"fi","potentialAction":[{"@type":"ReadAction","target":["https:\/\/rotary.fi\/d1410\/sv\/blog\/fran-finland-till-malmo-med-buss\/"]}]},{"@type":"ImageObject","inLanguage":"fi","@id":"https:\/\/rotary.fi\/d1410\/sv\/blog\/fran-finland-till-malmo-med-buss\/#primaryimage","url":"https:\/\/rotary.fi\/d1410\/wp-content\/uploads\/sites\/215\/2024\/10\/460895283-18286646272232472-2391700711386925610-n.jpg","contentUrl":"https:\/\/rotary.fi\/d1410\/wp-content\/uploads\/sites\/215\/2024\/10\/460895283-18286646272232472-2391700711386925610-n.jpg","width":526,"height":526},{"@type":"BreadcrumbList","@id":"https:\/\/rotary.fi\/d1410\/sv\/blog\/fran-finland-till-malmo-med-buss\/#breadcrumb","itemListElement":[{"@type":"ListItem","position":1,"name":"Home","item":"https:\/\/rotary.fi\/d1410\/"},{"@type":"ListItem","position":2,"name":"Fr\u00e5n Finland till Malm\u00f6 med buss"}]},{"@type":"WebSite","@id":"https:\/\/rotary.fi\/d1410\/#website","url":"https:\/\/rotary.fi\/d1410\/","name":"Piiri 1410","description":"Suomen Rotary","potentialAction":[{"@type":"SearchAction","target":{"@type":"EntryPoint","urlTemplate":"https:\/\/rotary.fi\/d1410\/?s={search_term_string}"},"query-input":{"@type":"PropertyValueSpecification","valueRequired":true,"valueName":"search_term_string"}}],"inLanguage":"fi"},{"@type":"Person","@id":"https:\/\/rotary.fi\/d1410\/#\/schema\/person\/70d3f3c972e7331c89da9c8cb625fc45","name":"Leena-Maija P\u00e4rssinen","image":{"@type":"ImageObject","inLanguage":"fi","@id":"https:\/\/secure.gravatar.com\/avatar\/eb209595d742b5300a943c5ee27fd739c8e56d71c2ff172e20a3dc569c7af2fc?s=96&d=mm&r=g","url":"https:\/\/secure.gravatar.com\/avatar\/eb209595d742b5300a943c5ee27fd739c8e56d71c2ff172e20a3dc569c7af2fc?s=96&d=mm&r=g","contentUrl":"https:\/\/secure.gravatar.com\/avatar\/eb209595d742b5300a943c5ee27fd739c8e56d71c2ff172e20a3dc569c7af2fc?s=96&d=mm&r=g","caption":"Leena-Maija P\u00e4rssinen"},"url":"https:\/\/rotary.fi\/d1410\/blog\/author\/leenamaijaparssinen\/"}]}},"lang":"sv","translations":{"sv":7822},"pll_sync_post":[],"_links":{"self":[{"href":"https:\/\/rotary.fi\/d1410\/wp-json\/wp\/v2\/posts\/7822","targetHints":{"allow":["GET"]}}],"collection":[{"href":"https:\/\/rotary.fi\/d1410\/wp-json\/wp\/v2\/posts"}],"about":[{"href":"https:\/\/rotary.fi\/d1410\/wp-json\/wp\/v2\/types\/post"}],"author":[{"embeddable":true,"href":"https:\/\/rotary.fi\/d1410\/wp-json\/wp\/v2\/users\/11"}],"replies":[{"embeddable":true,"href":"https:\/\/rotary.fi\/d1410\/wp-json\/wp\/v2\/comments?post=7822"}],"version-history":[{"count":5,"href":"https:\/\/rotary.fi\/d1410\/wp-json\/wp\/v2\/posts\/7822\/revisions"}],"predecessor-version":[{"id":7845,"href":"https:\/\/rotary.fi\/d1410\/wp-json\/wp\/v2\/posts\/7822\/revisions\/7845"}],"wp:featuredmedia":[{"embeddable":true,"href":"https:\/\/rotary.fi\/d1410\/wp-json\/wp\/v2\/media\/7780"}],"wp:attachment":[{"href":"https:\/\/rotary.fi\/d1410\/wp-json\/wp\/v2\/media?parent=7822"}],"wp:term":[{"taxonomy":"category","embeddable":true,"href":"https:\/\/rotary.fi\/d1410\/wp-json\/wp\/v2\/categories?post=7822"},{"taxonomy":"post_tag","embeddable":true,"href":"https:\/\/rotary.fi\/d1410\/wp-json\/wp\/v2\/tags?post=7822"}],"curies":[{"name":"wp","href":"https:\/\/api.w.org\/{rel}","templated":true}]}}